{"id":1,"date":"2023-10-24T15:38:11","date_gmt":"2023-10-24T15:38:11","guid":{"rendered":"https:\/\/valentinsaenger.de\/?p=1"},"modified":"2026-03-06T09:55:16","modified_gmt":"2026-03-06T09:55:16","slug":"hello-world","status":"publish","type":"post","link":"https:\/\/valentinsaenger.de\/?p=1","title":{"rendered":"Unsere n\u00e4chsten Auftritte:"},"content":{"rendered":"\n<p class=\"has-vivid-red-color has-text-color has-large-font-size\">18.05.2026 | 20:00 Uhr<br>Konzert im Paulinum<\/p>\n\n\n\n<p>Valentin-Senger-Stra\u00dfe 136 A, Frankfurt (direkt an der Friedberger Warte)<\/p>\n\n\n<div class=\"alignleft wp-block-site-logo\"><a href=\"https:\/\/valentinsaenger.de\/\" class=\"custom-logo-link\" rel=\"home\"><img loading=\"lazy\" decoding=\"async\" width=\"180\" height=\"180\" src=\"https:\/\/valentinsaenger.de\/wp-content\/uploads\/2024\/09\/cropped-Logo_Chor-3.png\" class=\"custom-logo\" alt=\"Die Valentin S\u00e4nger\" srcset=\"https:\/\/valentinsaenger.de\/wp-content\/uploads\/2024\/09\/cropped-Logo_Chor-3.png 512w, https:\/\/valentinsaenger.de\/wp-content\/uploads\/2024\/09\/cropped-Logo_Chor-3-300x300.png 300w, https:\/\/valentinsaenger.de\/wp-content\/uploads\/2024\/09\/cropped-Logo_Chor-3-150x150.png 150w, https:\/\/valentinsaenger.de\/wp-content\/uploads\/2024\/09\/cropped-Logo_Chor-3-100x100.png 100w, https:\/\/valentinsaenger.de\/wp-content\/uploads\/2024\/09\/cropped-Logo_Chor-3-270x270.png 270w, https:\/\/valentinsaenger.de\/wp-content\/uploads\/2024\/09\/cropped-Logo_Chor-3-192x192.png 192w, https:\/\/valentinsaenger.de\/wp-content\/uploads\/2024\/09\/cropped-Logo_Chor-3-180x180.png 180w, https:\/\/valentinsaenger.de\/wp-content\/uploads\/2024\/09\/cropped-Logo_Chor-3-32x32.png 32w\" sizes=\"auto, 100vw\" \/><\/a><\/div>\n\n\n<h2 class=\"wp-block-heading has-vivid-cyan-blue-color has-text-color has-link-color wp-elements-2a478652d0ccce576ef4f57eb1e83f7f\"><strong><mark style=\"background-color:rgba(0, 0, 0, 0)\" class=\"has-inline-color has-black-color\">vergangene Konzerte:<\/mark><\/strong><\/h2>\n\n\n\n<p class=\"has-vivid-red-color has-text-color has-large-font-size\">09. November 2025 | 17:00 Uhr<br>auf dem Schiff &#8222;Wappen von Frankfurt&#8220;<\/p>\n\n\n\n<figure class=\"wp-block-gallery has-nested-images columns-default is-cropped wp-block-gallery-1 is-layout-flex wp-block-gallery-is-layout-flex\">\n<figure class=\"wp-block-image size-large\"><img loading=\"lazy\" decoding=\"async\" width=\"1024\" height=\"682\" data-id=\"4241\" src=\"https:\/\/valentinsaenger.de\/wp-content\/uploads\/2023\/10\/Wappen_Frankfurt_037-1024x682.jpg\" alt=\"\" class=\"wp-image-4241\" srcset=\"https:\/\/valentinsaenger.de\/wp-content\/uploads\/2023\/10\/Wappen_Frankfurt_037-1024x682.jpg 1024w, https:\/\/valentinsaenger.de\/wp-content\/uploads\/2023\/10\/Wappen_Frankfurt_037-300x200.jpg 300w, https:\/\/valentinsaenger.de\/wp-content\/uploads\/2023\/10\/Wappen_Frankfurt_037-768x511.jpg 768w, https:\/\/valentinsaenger.de\/wp-content\/uploads\/2023\/10\/Wappen_Frankfurt_037-1536x1023.jpg 1536w, https:\/\/valentinsaenger.de\/wp-content\/uploads\/2023\/10\/Wappen_Frankfurt_037.jpg 2000w\" sizes=\"auto, (max-width: 706px) 89vw, (max-width: 767px) 82vw, 740px\" \/><\/figure>\n<\/figure>\n\n\n\n<figure class=\"wp-block-gallery has-nested-images columns-default is-cropped wp-block-gallery-2 is-layout-flex wp-block-gallery-is-layout-flex\">\n<figure class=\"wp-block-image size-large\"><img loading=\"lazy\" decoding=\"async\" width=\"1024\" height=\"682\" data-id=\"4234\" src=\"https:\/\/valentinsaenger.de\/wp-content\/uploads\/2023\/10\/Wappen_Frankfurt_012-1024x682.jpg\" alt=\"\" class=\"wp-image-4234\" srcset=\"https:\/\/valentinsaenger.de\/wp-content\/uploads\/2023\/10\/Wappen_Frankfurt_012-1024x682.jpg 1024w, https:\/\/valentinsaenger.de\/wp-content\/uploads\/2023\/10\/Wappen_Frankfurt_012-300x200.jpg 300w, https:\/\/valentinsaenger.de\/wp-content\/uploads\/2023\/10\/Wappen_Frankfurt_012-768x511.jpg 768w, https:\/\/valentinsaenger.de\/wp-content\/uploads\/2023\/10\/Wappen_Frankfurt_012-1536x1023.jpg 1536w, https:\/\/valentinsaenger.de\/wp-content\/uploads\/2023\/10\/Wappen_Frankfurt_012.jpg 2000w\" sizes=\"auto, (max-width: 706px) 89vw, (max-width: 767px) 82vw, 740px\" \/><\/figure>\n\n\n\n<figure class=\"wp-block-image size-large\"><img loading=\"lazy\" decoding=\"async\" width=\"1024\" height=\"682\" data-id=\"4232\" src=\"https:\/\/valentinsaenger.de\/wp-content\/uploads\/2023\/10\/Wappen_Frankfurt_006-1024x682.jpg\" alt=\"\" class=\"wp-image-4232\" srcset=\"https:\/\/valentinsaenger.de\/wp-content\/uploads\/2023\/10\/Wappen_Frankfurt_006-1024x682.jpg 1024w, https:\/\/valentinsaenger.de\/wp-content\/uploads\/2023\/10\/Wappen_Frankfurt_006-300x200.jpg 300w, https:\/\/valentinsaenger.de\/wp-content\/uploads\/2023\/10\/Wappen_Frankfurt_006-768x511.jpg 768w, https:\/\/valentinsaenger.de\/wp-content\/uploads\/2023\/10\/Wappen_Frankfurt_006-1536x1023.jpg 1536w, https:\/\/valentinsaenger.de\/wp-content\/uploads\/2023\/10\/Wappen_Frankfurt_006.jpg 2000w\" sizes=\"auto, (max-width: 706px) 89vw, (max-width: 767px) 82vw, 740px\" \/><\/figure>\n\n\n\n<figure class=\"wp-block-image size-large\"><img loading=\"lazy\" decoding=\"async\" width=\"1024\" height=\"682\" data-id=\"4238\" src=\"https:\/\/valentinsaenger.de\/wp-content\/uploads\/2023\/10\/Wappen_Frankfurt_028-1024x682.jpg\" alt=\"\" class=\"wp-image-4238\" srcset=\"https:\/\/valentinsaenger.de\/wp-content\/uploads\/2023\/10\/Wappen_Frankfurt_028-1024x682.jpg 1024w, https:\/\/valentinsaenger.de\/wp-content\/uploads\/2023\/10\/Wappen_Frankfurt_028-300x200.jpg 300w, https:\/\/valentinsaenger.de\/wp-content\/uploads\/2023\/10\/Wappen_Frankfurt_028-768x511.jpg 768w, https:\/\/valentinsaenger.de\/wp-content\/uploads\/2023\/10\/Wappen_Frankfurt_028-1536x1023.jpg 1536w, https:\/\/valentinsaenger.de\/wp-content\/uploads\/2023\/10\/Wappen_Frankfurt_028.jpg 2000w\" sizes=\"auto, (max-width: 706px) 89vw, (max-width: 767px) 82vw, 740px\" \/><\/figure>\n\n\n\n<figure class=\"wp-block-image size-large\"><img loading=\"lazy\" decoding=\"async\" width=\"1024\" height=\"682\" data-id=\"4239\" src=\"https:\/\/valentinsaenger.de\/wp-content\/uploads\/2023\/10\/Wappen_Frankfurt_034-1024x682.jpg\" alt=\"\" class=\"wp-image-4239\" srcset=\"https:\/\/valentinsaenger.de\/wp-content\/uploads\/2023\/10\/Wappen_Frankfurt_034-1024x682.jpg 1024w, https:\/\/valentinsaenger.de\/wp-content\/uploads\/2023\/10\/Wappen_Frankfurt_034-300x200.jpg 300w, https:\/\/valentinsaenger.de\/wp-content\/uploads\/2023\/10\/Wappen_Frankfurt_034-768x511.jpg 768w, https:\/\/valentinsaenger.de\/wp-content\/uploads\/2023\/10\/Wappen_Frankfurt_034-1536x1023.jpg 1536w, https:\/\/valentinsaenger.de\/wp-content\/uploads\/2023\/10\/Wappen_Frankfurt_034.jpg 2000w\" sizes=\"auto, (max-width: 706px) 89vw, (max-width: 767px) 82vw, 740px\" \/><\/figure>\n\n\n\n<figure class=\"wp-block-image size-large\"><img loading=\"lazy\" decoding=\"async\" width=\"1024\" height=\"682\" data-id=\"4240\" src=\"https:\/\/valentinsaenger.de\/wp-content\/uploads\/2023\/10\/Wappen_Frankfurt_036-1024x682.jpg\" alt=\"\" class=\"wp-image-4240\" srcset=\"https:\/\/valentinsaenger.de\/wp-content\/uploads\/2023\/10\/Wappen_Frankfurt_036-1024x682.jpg 1024w, https:\/\/valentinsaenger.de\/wp-content\/uploads\/2023\/10\/Wappen_Frankfurt_036-300x200.jpg 300w, https:\/\/valentinsaenger.de\/wp-content\/uploads\/2023\/10\/Wappen_Frankfurt_036-768x511.jpg 768w, https:\/\/valentinsaenger.de\/wp-content\/uploads\/2023\/10\/Wappen_Frankfurt_036-1536x1023.jpg 1536w, https:\/\/valentinsaenger.de\/wp-content\/uploads\/2023\/10\/Wappen_Frankfurt_036.jpg 2000w\" sizes=\"auto, (max-width: 706px) 89vw, (max-width: 767px) 82vw, 740px\" \/><\/figure>\n<\/figure>\n\n\n\n<figure class=\"wp-block-image size-full is-resized\"><img loading=\"lazy\" decoding=\"async\" width=\"512\" height=\"512\" src=\"https:\/\/valentinsaenger.de\/wp-content\/uploads\/2024\/09\/cropped-Logo_Chor-3.png\" alt=\"\" class=\"wp-image-1049\" style=\"width:180px\" srcset=\"https:\/\/valentinsaenger.de\/wp-content\/uploads\/2024\/09\/cropped-Logo_Chor-3.png 512w, https:\/\/valentinsaenger.de\/wp-content\/uploads\/2024\/09\/cropped-Logo_Chor-3-300x300.png 300w, https:\/\/valentinsaenger.de\/wp-content\/uploads\/2024\/09\/cropped-Logo_Chor-3-150x150.png 150w, https:\/\/valentinsaenger.de\/wp-content\/uploads\/2024\/09\/cropped-Logo_Chor-3-100x100.png 100w, https:\/\/valentinsaenger.de\/wp-content\/uploads\/2024\/09\/cropped-Logo_Chor-3-270x270.png 270w, https:\/\/valentinsaenger.de\/wp-content\/uploads\/2024\/09\/cropped-Logo_Chor-3-192x192.png 192w, https:\/\/valentinsaenger.de\/wp-content\/uploads\/2024\/09\/cropped-Logo_Chor-3-180x180.png 180w, https:\/\/valentinsaenger.de\/wp-content\/uploads\/2024\/09\/cropped-Logo_Chor-3-32x32.png 32w\" sizes=\"auto, (max-width: 512px) 100vw, 512px\" \/><\/figure>\n\n\n\n<p class=\"has-vivid-red-color has-text-color has-large-font-size\">01. Dezember 2024 | 18:30 Uhr <br>St. Gallus Gemeindehaus<\/p>\n\n\n\n<div class=\"wp-block-jetpack-tiled-gallery aligncenter is-style-rectangular\"><div class=\"\"><div class=\"tiled-gallery__gallery\"><div class=\"tiled-gallery__row\"><div class=\"tiled-gallery__col\" style=\"flex-basis:67.24780%\"><figure class=\"tiled-gallery__item\"><img decoding=\"async\" srcset=\"https:\/\/i0.wp.com\/valentinsaenger.de\/wp-content\/uploads\/2023\/10\/Valentin_Saenger_2024_06-1024x712.jpg?strip=info&#038;w=600&#038;ssl=1 600w,https:\/\/i0.wp.com\/valentinsaenger.de\/wp-content\/uploads\/2023\/10\/Valentin_Saenger_2024_06-1024x712.jpg?strip=info&#038;w=900&#038;ssl=1 900w,https:\/\/i0.wp.com\/valentinsaenger.de\/wp-content\/uploads\/2023\/10\/Valentin_Saenger_2024_06-1024x712.jpg?strip=info&#038;w=1200&#038;ssl=1 1200w,https:\/\/i0.wp.com\/valentinsaenger.de\/wp-content\/uploads\/2023\/10\/Valentin_Saenger_2024_06-1024x712.jpg?strip=info&#038;w=1500&#038;ssl=1 1500w,https:\/\/i0.wp.com\/valentinsaenger.de\/wp-content\/uploads\/2023\/10\/Valentin_Saenger_2024_06-1024x712.jpg?strip=info&#038;w=1800&#038;ssl=1 1800w,https:\/\/i0.wp.com\/valentinsaenger.de\/wp-content\/uploads\/2023\/10\/Valentin_Saenger_2024_06-1024x712.jpg?strip=info&#038;w=2000&#038;ssl=1 2000w\" alt=\"\" data-height=\"1390\" data-id=\"741\" data-link=\"https:\/\/valentinsaenger.de\/index.php\/2023\/10\/24\/hello-world\/propalaestinensische-demonstration-frankfurt-2\/\" data-url=\"https:\/\/valentinsaenger.de\/wp-content\/uploads\/2023\/10\/Valentin_Saenger_2024_06-1024x712.jpg\" data-width=\"2000\" src=\"https:\/\/i0.wp.com\/valentinsaenger.de\/wp-content\/uploads\/2023\/10\/Valentin_Saenger_2024_06-1024x712.jpg?ssl=1\" data-amp-layout=\"responsive\"\/><\/figure><\/div><div class=\"tiled-gallery__col\" style=\"flex-basis:32.75220%\"><figure class=\"tiled-gallery__item\"><img decoding=\"async\" srcset=\"https:\/\/i0.wp.com\/valentinsaenger.de\/wp-content\/uploads\/2023\/10\/Valentin_Saenger_2024_05-1024x726.jpg?strip=info&#038;w=600&#038;ssl=1 600w,https:\/\/i0.wp.com\/valentinsaenger.de\/wp-content\/uploads\/2023\/10\/Valentin_Saenger_2024_05-1024x726.jpg?strip=info&#038;w=900&#038;ssl=1 900w,https:\/\/i0.wp.com\/valentinsaenger.de\/wp-content\/uploads\/2023\/10\/Valentin_Saenger_2024_05-1024x726.jpg?strip=info&#038;w=1200&#038;ssl=1 1200w,https:\/\/i0.wp.com\/valentinsaenger.de\/wp-content\/uploads\/2023\/10\/Valentin_Saenger_2024_05-1024x726.jpg?strip=info&#038;w=1500&#038;ssl=1 1500w,https:\/\/i0.wp.com\/valentinsaenger.de\/wp-content\/uploads\/2023\/10\/Valentin_Saenger_2024_05-1024x726.jpg?strip=info&#038;w=1800&#038;ssl=1 1800w,https:\/\/i0.wp.com\/valentinsaenger.de\/wp-content\/uploads\/2023\/10\/Valentin_Saenger_2024_05-1024x726.jpg?strip=info&#038;w=2000&#038;ssl=1 2000w\" alt=\"\" data-height=\"1418\" data-id=\"740\" data-link=\"https:\/\/valentinsaenger.de\/index.php\/2023\/10\/24\/hello-world\/propalaestinensische-demonstration-frankfurt\/\" data-url=\"https:\/\/valentinsaenger.de\/wp-content\/uploads\/2023\/10\/Valentin_Saenger_2024_05-1024x726.jpg\" data-width=\"2000\" src=\"https:\/\/i0.wp.com\/valentinsaenger.de\/wp-content\/uploads\/2023\/10\/Valentin_Saenger_2024_05-1024x726.jpg?ssl=1\" data-amp-layout=\"responsive\"\/><\/figure><figure class=\"tiled-gallery__item\"><img decoding=\"async\" srcset=\"https:\/\/i0.wp.com\/valentinsaenger.de\/wp-content\/uploads\/2023\/10\/Valentin_Saenger_2024_08-1024x726.jpg?strip=info&#038;w=600&#038;ssl=1 600w,https:\/\/i0.wp.com\/valentinsaenger.de\/wp-content\/uploads\/2023\/10\/Valentin_Saenger_2024_08-1024x726.jpg?strip=info&#038;w=900&#038;ssl=1 900w,https:\/\/i0.wp.com\/valentinsaenger.de\/wp-content\/uploads\/2023\/10\/Valentin_Saenger_2024_08-1024x726.jpg?strip=info&#038;w=1200&#038;ssl=1 1200w,https:\/\/i0.wp.com\/valentinsaenger.de\/wp-content\/uploads\/2023\/10\/Valentin_Saenger_2024_08-1024x726.jpg?strip=info&#038;w=1500&#038;ssl=1 1500w,https:\/\/i0.wp.com\/valentinsaenger.de\/wp-content\/uploads\/2023\/10\/Valentin_Saenger_2024_08-1024x726.jpg?strip=info&#038;w=1800&#038;ssl=1 1800w,https:\/\/i0.wp.com\/valentinsaenger.de\/wp-content\/uploads\/2023\/10\/Valentin_Saenger_2024_08-1024x726.jpg?strip=info&#038;w=2000&#038;ssl=1 2000w\" alt=\"\" data-height=\"1418\" data-id=\"743\" data-link=\"https:\/\/valentinsaenger.de\/index.php\/2023\/10\/24\/hello-world\/propalaestinensische-demonstration-frankfurt-4\/\" data-url=\"https:\/\/valentinsaenger.de\/wp-content\/uploads\/2023\/10\/Valentin_Saenger_2024_08-1024x726.jpg\" data-width=\"2000\" src=\"https:\/\/i0.wp.com\/valentinsaenger.de\/wp-content\/uploads\/2023\/10\/Valentin_Saenger_2024_08-1024x726.jpg?ssl=1\" data-amp-layout=\"responsive\"\/><\/figure><\/div><\/div><div class=\"tiled-gallery__row\"><div class=\"tiled-gallery__col\" style=\"flex-basis:49.18483%\"><figure class=\"tiled-gallery__item\"><img decoding=\"async\" srcset=\"https:\/\/i0.wp.com\/valentinsaenger.de\/wp-content\/uploads\/2023\/10\/Valentin_Saenger_2024_11-1024x706.jpg?strip=info&#038;w=600&#038;ssl=1 600w,https:\/\/i0.wp.com\/valentinsaenger.de\/wp-content\/uploads\/2023\/10\/Valentin_Saenger_2024_11-1024x706.jpg?strip=info&#038;w=900&#038;ssl=1 900w,https:\/\/i0.wp.com\/valentinsaenger.de\/wp-content\/uploads\/2023\/10\/Valentin_Saenger_2024_11-1024x706.jpg?strip=info&#038;w=1200&#038;ssl=1 1200w,https:\/\/i0.wp.com\/valentinsaenger.de\/wp-content\/uploads\/2023\/10\/Valentin_Saenger_2024_11-1024x706.jpg?strip=info&#038;w=1500&#038;ssl=1 1500w,https:\/\/i0.wp.com\/valentinsaenger.de\/wp-content\/uploads\/2023\/10\/Valentin_Saenger_2024_11-1024x706.jpg?strip=info&#038;w=1800&#038;ssl=1 1800w,https:\/\/i0.wp.com\/valentinsaenger.de\/wp-content\/uploads\/2023\/10\/Valentin_Saenger_2024_11-1024x706.jpg?strip=info&#038;w=2000&#038;ssl=1 2000w\" alt=\"\" data-height=\"1378\" data-id=\"745\" data-link=\"https:\/\/valentinsaenger.de\/index.php\/2023\/10\/24\/hello-world\/propalaestinensische-demonstration-frankfurt-6\/\" data-url=\"https:\/\/valentinsaenger.de\/wp-content\/uploads\/2023\/10\/Valentin_Saenger_2024_11-1024x706.jpg\" data-width=\"2000\" src=\"https:\/\/i0.wp.com\/valentinsaenger.de\/wp-content\/uploads\/2023\/10\/Valentin_Saenger_2024_11-1024x706.jpg?ssl=1\" data-amp-layout=\"responsive\"\/><\/figure><\/div><div class=\"tiled-gallery__col\" style=\"flex-basis:50.81517%\"><figure class=\"tiled-gallery__item\"><img decoding=\"async\" srcset=\"https:\/\/i0.wp.com\/valentinsaenger.de\/wp-content\/uploads\/2023\/10\/Valentin_Saenger_2024_02-1-1024x683.jpg?strip=info&#038;w=600&#038;ssl=1 600w,https:\/\/i0.wp.com\/valentinsaenger.de\/wp-content\/uploads\/2023\/10\/Valentin_Saenger_2024_02-1-1024x683.jpg?strip=info&#038;w=900&#038;ssl=1 900w,https:\/\/i0.wp.com\/valentinsaenger.de\/wp-content\/uploads\/2023\/10\/Valentin_Saenger_2024_02-1-1024x683.jpg?strip=info&#038;w=1200&#038;ssl=1 1200w,https:\/\/i0.wp.com\/valentinsaenger.de\/wp-content\/uploads\/2023\/10\/Valentin_Saenger_2024_02-1-1024x683.jpg?strip=info&#038;w=1500&#038;ssl=1 1500w,https:\/\/i0.wp.com\/valentinsaenger.de\/wp-content\/uploads\/2023\/10\/Valentin_Saenger_2024_02-1-1024x683.jpg?strip=info&#038;w=1800&#038;ssl=1 1800w,https:\/\/i0.wp.com\/valentinsaenger.de\/wp-content\/uploads\/2023\/10\/Valentin_Saenger_2024_02-1-1024x683.jpg?strip=info&#038;w=2000&#038;ssl=1 2000w\" alt=\"\" data-height=\"1707\" data-id=\"755\" data-link=\"https:\/\/valentinsaenger.de\/index.php\/2023\/10\/24\/hello-world\/valentin_saenger_2024_02-2\/\" data-url=\"https:\/\/valentinsaenger.de\/wp-content\/uploads\/2023\/10\/Valentin_Saenger_2024_02-1-1024x683.jpg\" data-width=\"2560\" src=\"https:\/\/i0.wp.com\/valentinsaenger.de\/wp-content\/uploads\/2023\/10\/Valentin_Saenger_2024_02-1-1024x683.jpg?ssl=1\" data-amp-layout=\"responsive\"\/><\/figure><\/div><\/div><\/div><\/div><\/div>\n\n\n\n<figure class=\"wp-block-image size-full is-resized\"><img loading=\"lazy\" decoding=\"async\" width=\"512\" height=\"512\" src=\"https:\/\/valentinsaenger.de\/wp-content\/uploads\/2024\/09\/cropped-Logo_Chor-3.png\" alt=\"\" class=\"wp-image-1049\" style=\"width:180px\" srcset=\"https:\/\/valentinsaenger.de\/wp-content\/uploads\/2024\/09\/cropped-Logo_Chor-3.png 512w, https:\/\/valentinsaenger.de\/wp-content\/uploads\/2024\/09\/cropped-Logo_Chor-3-300x300.png 300w, https:\/\/valentinsaenger.de\/wp-content\/uploads\/2024\/09\/cropped-Logo_Chor-3-150x150.png 150w, https:\/\/valentinsaenger.de\/wp-content\/uploads\/2024\/09\/cropped-Logo_Chor-3-100x100.png 100w, https:\/\/valentinsaenger.de\/wp-content\/uploads\/2024\/09\/cropped-Logo_Chor-3-270x270.png 270w, https:\/\/valentinsaenger.de\/wp-content\/uploads\/2024\/09\/cropped-Logo_Chor-3-192x192.png 192w, https:\/\/valentinsaenger.de\/wp-content\/uploads\/2024\/09\/cropped-Logo_Chor-3-180x180.png 180w, https:\/\/valentinsaenger.de\/wp-content\/uploads\/2024\/09\/cropped-Logo_Chor-3-32x32.png 32w\" sizes=\"auto, (max-width: 512px) 100vw, 512px\" \/><\/figure>\n\n\n\n<p class=\"has-vivid-red-color has-text-color has-large-font-size\">09.12.2024 | 19:30 Uhr<br>Konzert im Paulinum<\/p>\n\n\n\n<p>Valentin-Senger-Stra\u00dfe 136 A, Frankfurt<\/p>\n\n\n\n<figure class=\"wp-block-image size-full is-resized\"><img loading=\"lazy\" decoding=\"async\" width=\"512\" height=\"512\" src=\"https:\/\/valentinsaenger.de\/wp-content\/uploads\/2024\/09\/cropped-Logo_Chor-3.png\" alt=\"\" class=\"wp-image-1049\" style=\"width:180px\" srcset=\"https:\/\/valentinsaenger.de\/wp-content\/uploads\/2024\/09\/cropped-Logo_Chor-3.png 512w, https:\/\/valentinsaenger.de\/wp-content\/uploads\/2024\/09\/cropped-Logo_Chor-3-300x300.png 300w, https:\/\/valentinsaenger.de\/wp-content\/uploads\/2024\/09\/cropped-Logo_Chor-3-150x150.png 150w, https:\/\/valentinsaenger.de\/wp-content\/uploads\/2024\/09\/cropped-Logo_Chor-3-100x100.png 100w, https:\/\/valentinsaenger.de\/wp-content\/uploads\/2024\/09\/cropped-Logo_Chor-3-270x270.png 270w, https:\/\/valentinsaenger.de\/wp-content\/uploads\/2024\/09\/cropped-Logo_Chor-3-192x192.png 192w, https:\/\/valentinsaenger.de\/wp-content\/uploads\/2024\/09\/cropped-Logo_Chor-3-180x180.png 180w, https:\/\/valentinsaenger.de\/wp-content\/uploads\/2024\/09\/cropped-Logo_Chor-3-32x32.png 32w\" sizes=\"auto, (max-width: 512px) 100vw, 512px\" \/><\/figure>\n\n\n\n<p class=\"has-vivid-red-color has-text-color has-large-font-size\">Adventskonzert St. Gallus Gemeinde<br>3. Dezember 2023<\/p>\n\n\n\n<p>Im Rahmen des Lions-Club Adventskonzert haben wir Weihnachtslieder gesungen. Schirmherrin war Sabrina Settlur.<\/p>\n\n\n\n<figure class=\"wp-block-image size-large is-resized\"><img loading=\"lazy\" decoding=\"async\" width=\"728\" height=\"1024\" src=\"https:\/\/valentinsaenger.de\/wp-content\/uploads\/2023\/10\/PHOTO-2024-09-25-13-23-42-728x1024.jpg\" alt=\"\" class=\"wp-image-404\" style=\"width:522px;height:auto\" srcset=\"https:\/\/valentinsaenger.de\/wp-content\/uploads\/2023\/10\/PHOTO-2024-09-25-13-23-42-728x1024.jpg 728w, https:\/\/valentinsaenger.de\/wp-content\/uploads\/2023\/10\/PHOTO-2024-09-25-13-23-42-213x300.jpg 213w, https:\/\/valentinsaenger.de\/wp-content\/uploads\/2023\/10\/PHOTO-2024-09-25-13-23-42.jpg 741w\" sizes=\"auto, (max-width: 728px) 100vw, 728px\" \/><\/figure>\n\n\n\n<figure class=\"wp-block-image size-full is-resized\"><img loading=\"lazy\" decoding=\"async\" width=\"512\" height=\"512\" src=\"https:\/\/valentinsaenger.de\/wp-content\/uploads\/2024\/09\/cropped-Logo_Chor-3.png\" alt=\"\" class=\"wp-image-1049\" style=\"width:180px\" srcset=\"https:\/\/valentinsaenger.de\/wp-content\/uploads\/2024\/09\/cropped-Logo_Chor-3.png 512w, https:\/\/valentinsaenger.de\/wp-content\/uploads\/2024\/09\/cropped-Logo_Chor-3-300x300.png 300w, https:\/\/valentinsaenger.de\/wp-content\/uploads\/2024\/09\/cropped-Logo_Chor-3-150x150.png 150w, https:\/\/valentinsaenger.de\/wp-content\/uploads\/2024\/09\/cropped-Logo_Chor-3-100x100.png 100w, https:\/\/valentinsaenger.de\/wp-content\/uploads\/2024\/09\/cropped-Logo_Chor-3-270x270.png 270w, https:\/\/valentinsaenger.de\/wp-content\/uploads\/2024\/09\/cropped-Logo_Chor-3-192x192.png 192w, https:\/\/valentinsaenger.de\/wp-content\/uploads\/2024\/09\/cropped-Logo_Chor-3-180x180.png 180w, https:\/\/valentinsaenger.de\/wp-content\/uploads\/2024\/09\/cropped-Logo_Chor-3-32x32.png 32w\" sizes=\"auto, (max-width: 512px) 100vw, 512px\" \/><\/figure>\n\n\n\n<p class=\"has-vivid-red-color has-text-color has-large-font-size\">10.11.2023 | 19:30 Uhr<br>Konzert im Paulinum<\/p>\n\n\n\n<p>Valentin-Senger-Stra\u00dfe 136 A, Frankfurt<br>In unseren R\u00e4umlichkeiten im Paulinum treten wir regelm\u00e4\u00dfig auf und haben &#8211; nicht zuletzt mit den Bewohnern dort &#8211; einen gro\u00dfen musikalischen Spa\u00df.<\/p>\n\n\n\n<figure class=\"wp-block-image size-large\"><img loading=\"lazy\" decoding=\"async\" width=\"1024\" height=\"680\" src=\"https:\/\/valentinsaenger.de\/wp-content\/uploads\/2023\/11\/VS_Chor_03-1-1024x680.jpg\" alt=\"\" class=\"wp-image-167\" srcset=\"https:\/\/valentinsaenger.de\/wp-content\/uploads\/2023\/11\/VS_Chor_03-1-1024x680.jpg 1024w, https:\/\/valentinsaenger.de\/wp-content\/uploads\/2023\/11\/VS_Chor_03-1-300x199.jpg 300w, https:\/\/valentinsaenger.de\/wp-content\/uploads\/2023\/11\/VS_Chor_03-1-768x510.jpg 768w, https:\/\/valentinsaenger.de\/wp-content\/uploads\/2023\/11\/VS_Chor_03-1-1536x1019.jpg 1536w, https:\/\/valentinsaenger.de\/wp-content\/uploads\/2023\/11\/VS_Chor_03-1-2048x1359.jpg 2048w\" sizes=\"auto, (max-width: 706px) 89vw, (max-width: 767px) 82vw, 740px\" \/><\/figure>\n\n\n\n<p><\/p>\n","protected":false},"excerpt":{"rendered":"<p>18.05.2026 | 20:00 UhrKonzert im Paulinum Valentin-Senger-Stra\u00dfe 136 A, Frankfurt (direkt an der Friedberger Warte) vergangene Konzerte: 09. November 2025 | 17:00 Uhrauf dem Schiff &#8222;Wappen von Frankfurt&#8220; 01. Dezember 2024 | 18:30 Uhr St. Gallus Gemeindehaus 09.12.2024 | 19:30 UhrKonzert im Paulinum Valentin-Senger-Stra\u00dfe 136 A, Frankfurt Adventskonzert St. Gallus Gemeinde3. Dezember 2023 Im Rahmen &hellip; <\/p>\n<p class=\"link-more\"><a href=\"https:\/\/valentinsaenger.de\/?p=1\" class=\"more-link\"><span class=\"screen-reader-text\">\u201eUnsere n\u00e4chsten Auftritte:\u201c <\/span>weiterlesen<\/a><\/p>\n","protected":false},"author":1,"featured_media":0,"comment_status":"open","ping_status":"closed","sticky":false,"template":"","format":"standard","meta":{"_jetpack_memberships_contains_paid_content":false,"footnotes":""},"categories":[1],"tags":[],"class_list":["post-1","post","type-post","status-publish","format-standard","hentry","category-uncategorized"],"jetpack_featured_media_url":"","jetpack_sharing_enabled":true,"_links":{"self":[{"href":"https:\/\/valentinsaenger.de\/index.php?rest_route=\/wp\/v2\/posts\/1","targetHints":{"allow":["GET"]}}],"collection":[{"href":"https:\/\/valentinsaenger.de\/index.php?rest_route=\/wp\/v2\/posts"}],"about":[{"href":"https:\/\/valentinsaenger.de\/index.php?rest_route=\/wp\/v2\/types\/post"}],"author":[{"embeddable":true,"href":"https:\/\/valentinsaenger.de\/index.php?rest_route=\/wp\/v2\/users\/1"}],"replies":[{"embeddable":true,"href":"https:\/\/valentinsaenger.de\/index.php?rest_route=%2Fwp%2Fv2%2Fcomments&post=1"}],"version-history":[{"count":44,"href":"https:\/\/valentinsaenger.de\/index.php?rest_route=\/wp\/v2\/posts\/1\/revisions"}],"predecessor-version":[{"id":5608,"href":"https:\/\/valentinsaenger.de\/index.php?rest_route=\/wp\/v2\/posts\/1\/revisions\/5608"}],"wp:attachment":[{"href":"https:\/\/valentinsaenger.de\/index.php?rest_route=%2Fwp%2Fv2%2Fmedia&parent=1"}],"wp:term":[{"taxonomy":"category","embeddable":true,"href":"https:\/\/valentinsaenger.de\/index.php?rest_route=%2Fwp%2Fv2%2Fcategories&post=1"},{"taxonomy":"post_tag","embeddable":true,"href":"https:\/\/valentinsaenger.de\/index.php?rest_route=%2Fwp%2Fv2%2Ftags&post=1"}],"curies":[{"name":"wp","href":"https:\/\/api.w.org\/{rel}","templated":true}]}}